{"id":13149,"date":"2024-01-09T13:39:26","date_gmt":"2024-01-09T11:39:26","guid":{"rendered":"https:\/\/ihmo.fi\/ihmo\/?p=13149"},"modified":"2024-02-09T13:44:30","modified_gmt":"2024-02-09T11:44:30","slug":"tallinna-konserttimatka","status":"publish","type":"post","link":"https:\/\/ihmo.fi\/ihmo\/tallinna-konserttimatka\/","title":{"rendered":"Tallinnan konserttimatka"},"content":{"rendered":"\t\t<div data-elementor-type=\"wp-post\" data-elementor-id=\"13149\" class=\"elementor elementor-13149\" data-elementor-post-type=\"post\">\n\t\t\t\t<div class=\"elementor-element elementor-element-f6afc7a e-flex e-con-boxed e-con e-parent\" data-id=\"f6afc7a\" data-element_type=\"container\" data-e-type=\"container\">\n\t\t\t\t\t<div class=\"e-con-inner\">\n\t\t\t\t<div class=\"elementor-element elementor-element-8d662af elementor-widget elementor-widget-text-editor\" data-id=\"8d662af\" data-element_type=\"widget\" data-e-type=\"widget\" data-widget_type=\"text-editor.default\">\n\t\t\t\t<div class=\"elementor-widget-container\">\n\t\t\t\t\t\t\t\t\t<p><span class=\"TextRun SCXW74992223 BCX0\" lang=\"FI-FI\" xml:lang=\"FI-FI\" data-contrast=\"auto\"><span class=\"NormalTextRun SCXW74992223 BCX0\">Helsingin Juniorijouset teki<\/span><span class=\"NormalTextRun SCXW74992223 BCX0\"> konserttimatkan Tallinnaan 14.-17.10.2023. Konserttimatka oli ensimm\u00e4inen pandemian j\u00e4lkeinen ulkomaanmatka &#8211; ensimm\u00e4inen matka yli viiteen vuoteen. Samalla se oli nykykokoonpanon ensimm\u00e4inen konserttimatka<\/span><span class=\"NormalTextRun SCXW74992223 BCX0\">, ja huipentui<\/span><\/span><span class=\"TextRun SCXW74992223 BCX0\" lang=\"FI-FI\" xml:lang=\"FI-FI\" data-contrast=\"auto\"> <span class=\"NormalTextRun SCXW74992223 BCX0\">uraauurtavaan, ensimm\u00e4iseen suomalaisorkesterin vierailuun ja konserttiin Tallinnan <\/span><span class=\"NormalTextRun SpellingErrorV2Themed SCXW74992223 BCX0\">Muusika<\/span><span class=\"NormalTextRun SCXW74992223 BCX0\">&#8211; ja <\/span><span class=\"NormalTextRun SpellingErrorV2Themed SCXW74992223 BCX0\">Balettikoolilla<\/span><span class=\"NormalTextRun SCXW74992223 BCX0\"> (<\/span><span class=\"NormalTextRun SpellingErrorV2Themed SCXW74992223 BCX0\">Muba<\/span><span class=\"NormalTextRun SCXW74992223 BCX0\">) \u2013 ja <\/span><span class=\"NormalTextRun SpellingErrorV2Themed SCXW74992223 BCX0\">kokeatasoiseen<\/span><span class=\"NormalTextRun SCXW74992223 BCX0\"> yhteiskonserttiin <\/span><span class=\"NormalTextRun SpellingErrorV2Themed SCXW74992223 BCX0\">Muban<\/span><span class=\"NormalTextRun SCXW74992223 BCX0\"> is\u00e4ntien kanssa.<\/span><\/span><span class=\"EOP SCXW74992223 BCX0\" data-ccp-props=\"{}\">\u00a0<\/span><\/p>\t\t\t\t\t\t\t\t<\/div>\n\t\t\t\t<\/div>\n\t\t\t\t\t<\/div>\n\t\t\t\t<\/div>\n\t\t<div class=\"elementor-element elementor-element-bd81fbf e-flex e-con-boxed e-con e-parent\" data-id=\"bd81fbf\" data-element_type=\"container\" data-e-type=\"container\">\n\t\t\t\t\t<div class=\"e-con-inner\">\n\t\t\t\t<div class=\"elementor-element elementor-element-179072c elementor-widget elementor-widget-image\" data-id=\"179072c\" data-element_type=\"widget\" data-e-type=\"widget\" data-widget_type=\"image.default\">\n\t\t\t\t<div class=\"elementor-widget-container\">\n\t\t\t\t\t\t\t\t\t\t\t\t\t\t\t<img decoding=\"async\" src=\"https:\/\/ihmo.fi\/ihmo\/wp-content\/uploads\/elementor\/thumbs\/HJJ-kuva-15-qjhyqbmpufwwfxtnqeecy38xmzelxjis715r1o4oao.png\" title=\"HJJ kuva 15\" alt=\"HJJ kuva 15\" loading=\"lazy\" \/>\t\t\t\t\t\t\t\t\t\t\t\t\t\t\t<\/div>\n\t\t\t\t<\/div>\n\t\t\t\t\t<\/div>\n\t\t\t\t<\/div>\n\t\t<div class=\"elementor-element elementor-element-bf93703 e-flex e-con-boxed e-con e-parent\" data-id=\"bf93703\" data-element_type=\"container\" data-e-type=\"container\">\n\t\t\t\t\t<div class=\"e-con-inner\">\n\t\t\t\t<div class=\"elementor-element elementor-element-21bc3e9 elementor-widget elementor-widget-text-editor\" data-id=\"21bc3e9\" data-element_type=\"widget\" data-e-type=\"widget\" data-widget_type=\"text-editor.default\">\n\t\t\t\t<div class=\"elementor-widget-container\">\n\t\t\t\t\t\t\t\t\t<p><b><span data-contrast=\"auto\">Konsertti Mustap\u00e4iden talolla<\/span><\/b><span data-ccp-props=\"{}\">\u00a0<\/span><\/p><p><span data-contrast=\"auto\">Juniorijousten matkasi Tallinnaan, jossa sen oman konsertin 14.10 esityspaikaksi oli valittu historiallinen 1500-luvulla valmistunut Mustap\u00e4iden talo vanhassa kaupungissa. Se on Tallinna Filharmonian koti ja jo pelk\u00e4st\u00e4\u00e4n rakennuksena turistin\u00e4ht\u00e4vyys.<\/span><span data-ccp-props=\"{}\">\u00a0<\/span><\/p><p><span data-contrast=\"auto\">Konserttisali osoittautui heti kenraaliharjoituksen alussa odotetun upeaksi ja soinniltaan erinomaiseksi. Puolit\u00e4ysi sali saikin kuulla hienon konsertin. Tunnin mittaisessa ohjelmassa oli Griegin Kev\u00e4t, Johan Svendsenin sovittaman Ole Bullin Paimentyt\u00f6n laulu, Mozartin Eine Kleine Nachtmusik, Sibeliuksen Impromptu, P\u00e4rtin Silouans Song sek\u00e4 Bart\u00f3kin Romanialaiset tanssit.<\/span><span data-ccp-props=\"{}\">\u00a0<\/span><\/p><p><span data-contrast=\"auto\">Kasmirin johtamana orkesteri soitti hienon konsertin: orkesterin syksyn ty\u00f6 oli todellakin kantanut hedelm\u00e4\u00e4. Orkesteri my\u00f6s reagoi kenraalissa annettuihin ohjeisiin &#8211; ja kapellimestarin tulkintaan konsertin aikana. Yleis\u00f6 oli haltioissaan Juniorijousten soinnista ja soiton tasosta &#8211; ja orkesteri tulikin lavalle useaan otteeseen uudestaan kumartamaan jatkuvien aplodien raikuessa.\u00a0<\/span><span data-ccp-props=\"{}\">\u00a0<\/span><\/p><p><b><span data-contrast=\"auto\">Mubaan tutustumista ja yhteisty\u00f6t\u00e4<\/span><\/b><span data-ccp-props=\"{}\">\u00a0<\/span><\/p><p><span data-contrast=\"auto\">Matkan toisen p\u00e4iv\u00e4n, sunnuntain, aloitimme tutustumismatkalla Fotografiska-museoo. P\u00e4iv\u00e4n p\u00e4\u00e4ohjelma oli tutustuminen Mubaan ja sen hienoon uuteen kiinteist\u00f6\u00f6n (<\/span><a href=\"https:\/\/muba.edu.ee\/\"><span data-contrast=\"none\">https:\/\/muba.edu.ee\/<\/span><\/a><span data-contrast=\"auto\">). Andres Kaljuste j\u00e4rjesti meille silmi\u00e4 avaavan kiertok\u00e4ynnin t\u00e4h\u00e4n 24.000 m2:n suuruiseen upeaan taloon, joka on suunniteltu musiikille ja baletille. Siin\u00e4 on upeasti suunnitellut tilat niin koulunk\u00e4ynnille, hallinnolle, asumiselle, el\u00e4miselle, baletille kuin musiikillekin.\u00a0<\/span><span data-ccp-props=\"{}\">\u00a0<\/span><\/p><p><span data-contrast=\"auto\">Kierroksen j\u00e4lkeen oli aika Indrek Palun vet\u00e4m\u00e4lle impro-sessiolle ja ensimm\u00e4inen yhteisharjoitus mubalaisten kanssa: valmistautumista tiistain konsertin Vaughan Williamsin yhteisesitykseen Kasmirin johtamana.\u00a0<\/span><span data-ccp-props=\"{}\">\u00a0<\/span><\/p><p><b><span data-contrast=\"auto\">Matkan huipennus: yhteiskonsertti Muballa<\/span><\/b><span data-ccp-props=\"{}\">\u00a0<\/span><\/p><p><span data-contrast=\"auto\">Maanantain ja tiistain harjoitusten &#8211; ja vanhaan kaupunkiin tutustumisen &#8211; j\u00e4lkeen oli aika tiistai-illan yhteiskonsertille. Illan konsertti oli erityinen, sill\u00e4 Juniorijouset olisi ensimm\u00e4inen suomalainen orkesteri, joka on esiintynyt Muballa! Historiallinen konsertti!<\/span><span data-ccp-props=\"{}\">\u00a0<\/span><\/p><p><span data-contrast=\"auto\">Konserttisalin permanto oli t\u00e4ynn\u00e4 ja tunnelma oli k\u00e4sinkosketeltava. Muban sinfoniaorkesteri aloitti konsertin mieliinpainuvalla esityksell\u00e4 Einojuhani Rautavaaran Cantus Arcticuksesta. Junkkarit esittiv\u00e4t taas unohtumattomat tulkinnat Sibeliuksen, P\u00e4rtin ja Bart\u00f3kin teoksista. Juniorijouset reagoivat Kasmirin tulkintaan ammattimaisesti. Tulkinta oli entisest\u00e4\u00e4n jalostunut kolmessa p\u00e4iv\u00e4ss\u00e4. Sek\u00e4 sointi ett\u00e4 j\u00e4nnite oli k\u00e4sinkosketeltava.\u00a0<\/span><span data-ccp-props=\"{}\">\u00a0<\/span><\/p><p><span data-contrast=\"auto\">Konsertin p\u00e4\u00e4tti Mubalaisten kanssa esitetty yhteisnumero Vaughan Williamsin \u201dFantasia on a Theme by Thomas Tallis\u201d. Teoksen toinen orkesteri soitti salin parvelta, ykk\u00f6sorkesterin soittaessa normaalilta konserttilavalta. T\u00e4m\u00e4 upea esitys huipensi koko nelj\u00e4n p\u00e4iv\u00e4n rupeaman!<\/span><span data-ccp-props=\"{}\">\u00a0<\/span><\/p><p><span data-contrast=\"auto\">Olemme \u00e4\u00e4rett\u00f6m\u00e4n onnekkaita aikaamme Muballa. Halumme v\u00e4litt\u00e4\u00e4 l\u00e4mpim\u00e4n kiitoksen Muballe, ja erityisesti meist\u00e4 huolta pit\u00e4neille Andres Kaljusteelle, Meeli Jogistelle ja Reet K\u00e4\u00e4rikille, sek\u00e4 improsession vet\u00e4neelle Indrek Palulle. Ait\u00e4h! Toivomme t\u00e4m\u00e4n olevan hyv\u00e4 alku tiiviimm\u00e4lle yhteisty\u00f6lle.\u00a0<\/span><span data-ccp-props=\"{}\">\u00a0<\/span><\/p><p><span data-contrast=\"auto\">Konsertin ja nopean illallisen j\u00e4lkeen suuntasimme satamaan ja otimme illan viimeisen lautan kotiin. Kotimatkalla k\u00e4vimme l\u00e4pi koko matkan tapahtumat, t\u00e4rkeimm\u00e4t muistot ja parhaat musiikilliset hetket ja oli kiitosten aika. Kerrassaan onnistuneen matkan j\u00e4lkeen oli syysloman aika.<\/span><span data-ccp-props=\"{}\">\u00a0<\/span><\/p><p><span data-contrast=\"auto\">Makupaloista matkan konserteista voi nauttia Juniorijousten Facebook-sivulla <\/span><a href=\"https:\/\/www.facebook.com\/Juniorijouset\"><span data-contrast=\"none\">https:\/\/www.facebook.com\/Juniorijouset<\/span><\/a><span data-contrast=\"auto\">\u00a0<\/span><span data-ccp-props=\"{}\">\u00a0<\/span><\/p>\t\t\t\t\t\t\t\t<\/div>\n\t\t\t\t<\/div>\n\t\t\t\t\t<\/div>\n\t\t\t\t<\/div>\n\t\t\t\t<\/div>\n\t\t","protected":false},"excerpt":{"rendered":"<p>Helsingin Juniorijouset teki konserttimatkan Tallinnaan 14.-17.10.2023. Konserttimatka oli ensimm\u00e4inen pandemian j\u00e4lkeinen ulkomaanmatka &#8211; ensimm\u00e4inen matka yli viiteen vuoteen. Samalla se oli nykykokoonpanon ensimm\u00e4inen konserttimatka, ja huipentui uraauurtavaan, ensimm\u00e4iseen suomalaisorkesterin vierailuun ja konserttiin Tallinnan Muusika- ja Balettikoolilla (Muba) \u2013 ja kokeatasoiseen yhteiskonserttiin Muban is\u00e4ntien kanssa.\u00a0 Konsertti Mustap\u00e4iden talolla\u00a0 Juniorijousten matkasi Tallinnaan, jossa sen oman konsertin 14.10 [&hellip;]<\/p>\n","protected":false},"author":156753792,"featured_media":0,"comment_status":"closed","ping_status":"closed","sticky":false,"template":"","format":"standard","meta":{"footnotes":""},"categories":[126437],"tags":[126438],"class_list":["post-13149","post","type-post","status-publish","format-standard","hentry","category-hjj","tag-hjj"],"jetpack_featured_media_url":"","_links":{"self":[{"href":"https:\/\/ihmo.fi\/ihmo\/wp-json\/wp\/v2\/posts\/13149","targetHints":{"allow":["GET"]}}],"collection":[{"href":"https:\/\/ihmo.fi\/ihmo\/wp-json\/wp\/v2\/posts"}],"about":[{"href":"https:\/\/ihmo.fi\/ihmo\/wp-json\/wp\/v2\/types\/post"}],"author":[{"embeddable":true,"href":"https:\/\/ihmo.fi\/ihmo\/wp-json\/wp\/v2\/users\/156753792"}],"replies":[{"embeddable":true,"href":"https:\/\/ihmo.fi\/ihmo\/wp-json\/wp\/v2\/comments?post=13149"}],"version-history":[{"count":5,"href":"https:\/\/ihmo.fi\/ihmo\/wp-json\/wp\/v2\/posts\/13149\/revisions"}],"predecessor-version":[{"id":16651,"href":"https:\/\/ihmo.fi\/ihmo\/wp-json\/wp\/v2\/posts\/13149\/revisions\/16651"}],"wp:attachment":[{"href":"https:\/\/ihmo.fi\/ihmo\/wp-json\/wp\/v2\/media?parent=13149"}],"wp:term":[{"taxonomy":"category","embeddable":true,"href":"https:\/\/ihmo.fi\/ihmo\/wp-json\/wp\/v2\/categories?post=13149"},{"taxonomy":"post_tag","embeddable":true,"href":"https:\/\/ihmo.fi\/ihmo\/wp-json\/wp\/v2\/tags?post=13149"}],"curies":[{"name":"wp","href":"https:\/\/api.w.org\/{rel}","templated":true}]}}