{"id":14365,"date":"2024-06-07T12:45:58","date_gmt":"2024-06-07T09:45:58","guid":{"rendered":"https:\/\/ihmo.fi\/ihmo\/?p=14365"},"modified":"2024-08-05T15:58:37","modified_gmt":"2024-08-05T12:58:37","slug":"kesatiedote","status":"publish","type":"post","link":"https:\/\/ihmo.fi\/ihmo\/kesatiedote\/","title":{"rendered":"Tiedote syyslukukauden aloituksesta &#8211; t\u00e4rke\u00e4t p\u00e4iv\u00e4m\u00e4\u00e4r\u00e4t"},"content":{"rendered":"\t\t<div data-elementor-type=\"wp-post\" data-elementor-id=\"14365\" class=\"elementor elementor-14365\" data-elementor-post-type=\"post\">\n\t\t\t\t<div class=\"elementor-element elementor-element-c272ecd e-flex e-con-boxed e-con e-parent\" data-id=\"c272ecd\" data-element_type=\"container\" data-e-type=\"container\">\n\t\t\t\t\t<div class=\"e-con-inner\">\n\t\t\t\t<div class=\"elementor-element elementor-element-050117c elementor-widget elementor-widget-text-editor\" data-id=\"050117c\" data-element_type=\"widget\" data-e-type=\"widget\" data-widget_type=\"text-editor.default\">\n\t\t\t\t<div class=\"elementor-widget-container\">\n\t\t\t\t\t\t\t\t\t<p><strong>Opetustoiminta IHMOssa alkaa elokuussa seuraavasti:<\/strong><\/p>\n<ul>\n<li><span style=\"color: var( --e-global-color-text ); font-family: var( --e-global-typography-text-font-family ), Sans-serif; font-weight: var( --e-global-typography-text-font-weight ); text-align: var(--text-align); font-size: 1rem;\">ma 5.8. alkaa ilmoittautuminen muskariin ja Sonetti-kuoroon <a href=\"https:\/\/ihmo.eepos.fi\/#\/forms\" target=\"_blank\" rel=\"noopener\">Eepoksesssa<\/a><\/span><\/li>\n<li><span style=\"color: var( --e-global-color-text ); font-family: var( --e-global-typography-text-font-family ), Sans-serif; font-weight: var( --e-global-typography-text-font-weight ); text-align: var(--text-align); font-size: 1rem;\">ke 7.8. ilmoittautuminen musiikin hahmotusaineiden valinnaisiin aineisiin (muha 3 &#8211; 5) <a href=\"https:\/\/ihmo.eepos.fi\/#\/splash\" target=\"_blank\" rel=\"noopener\">Eepoksessa<\/a><\/span><\/li>\n<li>ma 19.8. alkavat muskariryhm\u00e4t, my\u00f6s p\u00e4iv\u00e4kodeissa<\/li>\n<li><span style=\"color: var( --e-global-color-text ); font-family: var( --e-global-typography-text-font-family ), Sans-serif; font-weight: var( --e-global-typography-text-font-weight ); text-align: var(--text-align); font-size: 1rem;\">ma 19.8. alkaa soiton- ja laulunopetus<\/span>&nbsp;ja muha-intro-ryhm\u00e4t&nbsp;<\/li>\n<li><span style=\"color: var( --e-global-color-text ); font-family: var( --e-global-typography-text-font-family ), Sans-serif; font-weight: var( --e-global-typography-text-font-weight ); text-align: var(--text-align); font-size: 1rem;\">to 22.8. alkaa m<\/span>usiikin hahmotusaineiden opetus (muha 1 &#8211; 5)<\/li>\n<li>orkesteritoiminnan aloituksesta tiedotetaan erikseen<\/li>\n<\/ul>\n<p>Oppilaat voivat tarkistaa ryhm\u00e4- ja muut opetustiedot omasta eepoksestaan kohdasta <em>Opinnot<\/em>.&nbsp;<\/p>\n<p><strong>IHMO Talks -podcast<\/strong><\/p>\n<p>Tapahtumarikkaan lukuvuoden 2023-2024 aikana julkaistiin IHMO Talks -podcast-ohjelma, jossa IHMOn opettajat istuvat yhdess\u00e4 alas mediatuottaja Matti Lindin kanssa keskustelemaan erilaisista aiheista liittyen musiikkiin, musiikin opiskeluun sek\u00e4 musiikkialaan. T\u00e4ll\u00e4 tuotantokaudella podcast-jaksoja on julkaistu jo 5 ja p\u00e4\u00e4set kuulemaan ja katsomaan niit\u00e4 my\u00f6s <a href=\"https:\/\/youtube.com\/playlist?list=PLszVzrR4SZGPRLNVSMFCgGVTQHOzuXypL&amp;feature=shared\" target=\"_blank\" rel=\"noopener\">IHMOn YouTube-kanavalla<\/a><\/p>\n<p>Podcast on kuunneltavissa my\u00f6s <a href=\"https:\/\/open.spotify.com\/show\/0ydv6nD0g7OxOXDoGF0kHx?si=aaf043ede5cc4baf\" target=\"_blank\" rel=\"noopener\">Spotifyssa<\/a>&nbsp;<\/p>\t\t\t\t\t\t\t\t<\/div>\n\t\t\t\t<\/div>\n\t\t\t\t\t<\/div>\n\t\t\t\t<\/div>\n\t\t<div class=\"elementor-element elementor-element-42b322c e-flex e-con-boxed e-con e-parent\" data-id=\"42b322c\" data-element_type=\"container\" data-e-type=\"container\">\n\t\t\t\t\t<div class=\"e-con-inner\">\n\t\t\t\t<div class=\"elementor-element elementor-element-c99cafd elementor-widget elementor-widget-image\" data-id=\"c99cafd\" data-element_type=\"widget\" data-e-type=\"widget\" data-widget_type=\"image.default\">\n\t\t\t\t<div class=\"elementor-widget-container\">\n\t\t\t\t\t\t\t\t\t\t\t\t\t\t\t<img fetchpriority=\"high\" decoding=\"async\" width=\"640\" height=\"311\" src=\"https:\/\/ihmo.fi\/ihmo\/wp-content\/uploads\/2024\/06\/daisy-1024x498.jpg\" class=\"attachment-large size-large wp-image-14610\" alt=\"\" srcset=\"https:\/\/ihmo.fi\/ihmo\/wp-content\/uploads\/2024\/06\/daisy-1024x498.jpg 1024w, https:\/\/ihmo.fi\/ihmo\/wp-content\/uploads\/2024\/06\/daisy-300x146.jpg 300w, https:\/\/ihmo.fi\/ihmo\/wp-content\/uploads\/2024\/06\/daisy-150x73.jpg 150w, https:\/\/ihmo.fi\/ihmo\/wp-content\/uploads\/2024\/06\/daisy-768x373.jpg 768w, https:\/\/ihmo.fi\/ihmo\/wp-content\/uploads\/2024\/06\/daisy-1536x747.jpg 1536w, https:\/\/ihmo.fi\/ihmo\/wp-content\/uploads\/2024\/06\/daisy-2048x996.jpg 2048w\" sizes=\"(max-width: 640px) 100vw, 640px\" \/>\t\t\t\t\t\t\t\t\t\t\t\t\t\t\t<\/div>\n\t\t\t\t<\/div>\n\t\t\t\t\t<\/div>\n\t\t\t\t<\/div>\n\t\t\t\t<\/div>\n\t\t","protected":false},"excerpt":{"rendered":"<p>Opetustoiminta IHMOssa alkaa elokuussa seuraavasti: ma 5.8. alkaa ilmoittautuminen muskariin ja Sonetti-kuoroon Eepoksesssa ke 7.8. ilmoittautuminen musiikin hahmotusaineiden valinnaisiin aineisiin (muha 3 &#8211; 5) Eepoksessa ma 19.8. alkavat muskariryhm\u00e4t, my\u00f6s p\u00e4iv\u00e4kodeissa ma 19.8. alkaa soiton- ja laulunopetus&nbsp;ja muha-intro-ryhm\u00e4t&nbsp; to 22.8. alkaa musiikin hahmotusaineiden opetus (muha 1 &#8211; 5) orkesteritoiminnan aloituksesta tiedotetaan erikseen Oppilaat voivat tarkistaa [&hellip;]<\/p>\n","protected":false},"author":156753794,"featured_media":0,"comment_status":"closed","ping_status":"closed","sticky":false,"template":"","format":"standard","meta":{"footnotes":""},"categories":[10765],"tags":[126441],"class_list":["post-14365","post","type-post","status-publish","format-standard","hentry","category-yleinen","tag-etusivu"],"jetpack_featured_media_url":"","_links":{"self":[{"href":"https:\/\/ihmo.fi\/ihmo\/wp-json\/wp\/v2\/posts\/14365","targetHints":{"allow":["GET"]}}],"collection":[{"href":"https:\/\/ihmo.fi\/ihmo\/wp-json\/wp\/v2\/posts"}],"about":[{"href":"https:\/\/ihmo.fi\/ihmo\/wp-json\/wp\/v2\/types\/post"}],"author":[{"embeddable":true,"href":"https:\/\/ihmo.fi\/ihmo\/wp-json\/wp\/v2\/users\/156753794"}],"replies":[{"embeddable":true,"href":"https:\/\/ihmo.fi\/ihmo\/wp-json\/wp\/v2\/comments?post=14365"}],"version-history":[{"count":43,"href":"https:\/\/ihmo.fi\/ihmo\/wp-json\/wp\/v2\/posts\/14365\/revisions"}],"predecessor-version":[{"id":14829,"href":"https:\/\/ihmo.fi\/ihmo\/wp-json\/wp\/v2\/posts\/14365\/revisions\/14829"}],"wp:attachment":[{"href":"https:\/\/ihmo.fi\/ihmo\/wp-json\/wp\/v2\/media?parent=14365"}],"wp:term":[{"taxonomy":"category","embeddable":true,"href":"https:\/\/ihmo.fi\/ihmo\/wp-json\/wp\/v2\/categories?post=14365"},{"taxonomy":"post_tag","embeddable":true,"href":"https:\/\/ihmo.fi\/ihmo\/wp-json\/wp\/v2\/tags?post=14365"}],"curies":[{"name":"wp","href":"https:\/\/api.w.org\/{rel}","templated":true}]}}