{"id":16011,"date":"2025-01-13T09:56:18","date_gmt":"2025-01-13T07:56:18","guid":{"rendered":"https:\/\/ihmo.fi\/ihmo\/?p=16011"},"modified":"2025-01-13T10:10:59","modified_gmt":"2025-01-13T08:10:59","slug":"musiikki-yhdistaa-perhemuskari-seniorikeskuksessa","status":"publish","type":"post","link":"https:\/\/ihmo.fi\/ihmo\/musiikki-yhdistaa-perhemuskari-seniorikeskuksessa\/","title":{"rendered":"Musiikki yhdist\u00e4\u00e4 &#8211; perhemuskari seniorikeskuksessa"},"content":{"rendered":"\t\t<div data-elementor-type=\"wp-post\" data-elementor-id=\"16011\" class=\"elementor elementor-16011\" data-elementor-post-type=\"post\">\n\t\t\t\t<div class=\"elementor-element elementor-element-4dd8291 e-flex e-con-boxed e-con e-parent\" data-id=\"4dd8291\" data-element_type=\"container\" data-e-type=\"container\">\n\t\t\t\t\t<div class=\"e-con-inner\">\n\t\t\t\t<div class=\"elementor-element elementor-element-ded2fcf elementor-widget elementor-widget-text-editor\" data-id=\"ded2fcf\" data-element_type=\"widget\" data-e-type=\"widget\" data-widget_type=\"text-editor.default\">\n\t\t\t\t<div class=\"elementor-widget-container\">\n\t\t\t\t\t\t\t\t\t<p style=\"text-align: center;\">Hei 0\u20133-vuotiaan lapsen vanhempi!<\/p><p style=\"text-align: center;\">Tulkaa mukaan ainutlaatuiseen perhemuskariin, jossa musiikki yhdist\u00e4\u00e4 sukupolvet!<strong> <br \/>Vied\u00e4\u00e4n musiikin iloa seniorikeskuksen asiakkaille!<\/strong><\/p><p style=\"text-align: center;\">Opetus toteutetaan yhteisty\u00f6ss\u00e4 It\u00e4-Helsingin musiikkiopiston ja Myllypuron seniorikeskuksen kanssa. Yhteisty\u00f6n tarkoituksena on vied\u00e4 musiikin iloa seniorikeskuksen asukkaille. Asukkaat p\u00e4\u00e4sev\u00e4t seuraamaan muskareita ja voivat halutessaan osallistua laulamalla ja leikkim\u00e4ll\u00e4 yhdess\u00e4 lasten ja vanhempien kanssa. <br \/>Opettajana musiikin maisteri Tuuli Ingman.<\/p><p style=\"text-align: center;\"><strong>Muskarit ovat maanantaisin:<\/strong><\/p><p style=\"text-align: center;\">0\u20131-vuotiaat (synt. 2024\u201323) klo 16.15\u201317.00<br \/>2\u20133-vuotiaat (synt. 2022\u201321) klo 17.00\u201317.45<\/p><p style=\"text-align: center;\"><strong>Paikka: Myllypuron seniorikeskus, Myllymatkantie 4<\/strong><\/p><p style=\"text-align: center;\"><strong>Ensimm\u00e4inen muskari on maanantaina 3.2.2025<\/strong><\/p><p style=\"text-align: center;\">Kev\u00e4\u00e4n aikana j\u00e4rjestet\u00e4\u00e4n 12 opetuskertaa, lukukausimaksu on 85 \u20ac<\/p><p style=\"text-align: center;\"><strong>Ilmoittaudu t\u00e4\u00e4ll\u00e4: <a href=\"https:\/\/ihmo.eepos.fi\/#\/forms\/90?preview-key=x0zfRiFK\">ihmo.eepos.fi<\/a><\/strong><\/p><p style=\"text-align: center;\">It\u00e4-Helsingin musiikkiopiston varhaisi\u00e4n musiikkikasvatuksen<br \/>opetussuunnitelman l\u00f6yd\u00e4t t\u00e4\u00e4lt\u00e4:\u00a0\u00a0<a href=\"https:\/\/ihmo.fi\/ihmo\/wp-content\/uploads\/2023\/02\/Vamo_aineOPS.pdf\">Vamo_OPS<\/a><\/p>\t\t\t\t\t\t\t\t<\/div>\n\t\t\t\t<\/div>\n\t\t\t\t\t<\/div>\n\t\t\t\t<\/div>\n\t\t<div class=\"elementor-element elementor-element-05bd37e e-flex e-con-boxed e-con e-parent\" data-id=\"05bd37e\" data-element_type=\"container\" data-e-type=\"container\">\n\t\t\t\t\t<div class=\"e-con-inner\">\n\t\t\t\t<div class=\"elementor-element elementor-element-588215f elementor-widget elementor-widget-image\" data-id=\"588215f\" data-element_type=\"widget\" data-e-type=\"widget\" data-widget_type=\"image.default\">\n\t\t\t\t<div class=\"elementor-widget-container\">\n\t\t\t\t\t\t\t\t\t\t\t\t\t\t\t<img fetchpriority=\"high\" decoding=\"async\" width=\"300\" height=\"300\" src=\"https:\/\/ihmo.fi\/ihmo\/wp-content\/uploads\/2025\/01\/Senioriperhemuskari-300x300.jpg\" class=\"attachment-medium size-medium wp-image-16016\" alt=\"\" srcset=\"https:\/\/ihmo.fi\/ihmo\/wp-content\/uploads\/2025\/01\/Senioriperhemuskari-300x300.jpg 300w, https:\/\/ihmo.fi\/ihmo\/wp-content\/uploads\/2025\/01\/Senioriperhemuskari-150x150.jpg 150w, https:\/\/ihmo.fi\/ihmo\/wp-content\/uploads\/2025\/01\/Senioriperhemuskari.jpg 643w\" sizes=\"(max-width: 300px) 100vw, 300px\" \/>\t\t\t\t\t\t\t\t\t\t\t\t\t\t\t<\/div>\n\t\t\t\t<\/div>\n\t\t\t\t\t<\/div>\n\t\t\t\t<\/div>\n\t\t\t\t<\/div>\n\t\t","protected":false},"excerpt":{"rendered":"<p>Hei 0\u20133-vuotiaan lapsen vanhempi! Tulkaa mukaan ainutlaatuiseen perhemuskariin, jossa musiikki yhdist\u00e4\u00e4 sukupolvet! Vied\u00e4\u00e4n musiikin iloa seniorikeskuksen asiakkaille! Opetus toteutetaan yhteisty\u00f6ss\u00e4 It\u00e4-Helsingin musiikkiopiston ja Myllypuron seniorikeskuksen kanssa. Yhteisty\u00f6n tarkoituksena on vied\u00e4 musiikin iloa seniorikeskuksen asukkaille. Asukkaat p\u00e4\u00e4sev\u00e4t seuraamaan muskareita ja voivat halutessaan osallistua laulamalla ja leikkim\u00e4ll\u00e4 yhdess\u00e4 lasten ja vanhempien kanssa. Opettajana musiikin maisteri Tuuli Ingman. [&hellip;]<\/p>\n","protected":false},"author":156753794,"featured_media":0,"comment_status":"closed","ping_status":"closed","sticky":false,"template":"","format":"standard","meta":{"footnotes":""},"categories":[10765],"tags":[126441],"class_list":["post-16011","post","type-post","status-publish","format-standard","hentry","category-yleinen","tag-etusivu"],"jetpack_featured_media_url":"","_links":{"self":[{"href":"https:\/\/ihmo.fi\/ihmo\/wp-json\/wp\/v2\/posts\/16011","targetHints":{"allow":["GET"]}}],"collection":[{"href":"https:\/\/ihmo.fi\/ihmo\/wp-json\/wp\/v2\/posts"}],"about":[{"href":"https:\/\/ihmo.fi\/ihmo\/wp-json\/wp\/v2\/types\/post"}],"author":[{"embeddable":true,"href":"https:\/\/ihmo.fi\/ihmo\/wp-json\/wp\/v2\/users\/156753794"}],"replies":[{"embeddable":true,"href":"https:\/\/ihmo.fi\/ihmo\/wp-json\/wp\/v2\/comments?post=16011"}],"version-history":[{"count":16,"href":"https:\/\/ihmo.fi\/ihmo\/wp-json\/wp\/v2\/posts\/16011\/revisions"}],"predecessor-version":[{"id":16028,"href":"https:\/\/ihmo.fi\/ihmo\/wp-json\/wp\/v2\/posts\/16011\/revisions\/16028"}],"wp:attachment":[{"href":"https:\/\/ihmo.fi\/ihmo\/wp-json\/wp\/v2\/media?parent=16011"}],"wp:term":[{"taxonomy":"category","embeddable":true,"href":"https:\/\/ihmo.fi\/ihmo\/wp-json\/wp\/v2\/categories?post=16011"},{"taxonomy":"post_tag","embeddable":true,"href":"https:\/\/ihmo.fi\/ihmo\/wp-json\/wp\/v2\/tags?post=16011"}],"curies":[{"name":"wp","href":"https:\/\/api.w.org\/{rel}","templated":true}]}}