{"id":16896,"date":"2025-05-14T12:57:36","date_gmt":"2025-05-14T09:57:36","guid":{"rendered":"https:\/\/ihmo.fi\/ihmo\/?p=16896"},"modified":"2025-06-26T12:44:50","modified_gmt":"2025-06-26T09:44:50","slug":"ilmoittaudu-muskariin-ja-sonetti-kuoroon","status":"publish","type":"post","link":"https:\/\/ihmo.fi\/ihmo\/ilmoittaudu-muskariin-ja-sonetti-kuoroon\/","title":{"rendered":"Syksyn muskariryhmiin ja Sonetti-kuoroon ilmoittautuminen"},"content":{"rendered":"\t\t<div data-elementor-type=\"wp-post\" data-elementor-id=\"16896\" class=\"elementor elementor-16896\" data-elementor-post-type=\"post\">\n\t\t\t\t<div class=\"elementor-element elementor-element-84a8857 e-flex e-con-boxed e-con e-parent\" data-id=\"84a8857\" data-element_type=\"container\" data-e-type=\"container\">\n\t\t\t\t\t<div class=\"e-con-inner\">\n\t\t\t\t<div class=\"elementor-element elementor-element-40058dd elementor-widget elementor-widget-text-editor\" data-id=\"40058dd\" data-element_type=\"widget\" data-e-type=\"widget\" data-widget_type=\"text-editor.default\">\n\t\t\t\t<div class=\"elementor-widget-container\">\n\t\t\t\t\t\t\t\t\t<p>Ilmoittautuminen syksyn 2025 muskariryhmiin ja Sonettikuoroon on k\u00e4ynniss\u00e4.<\/p><p><strong>Ilmoittaudu <a href=\"https:\/\/ihmo.eepos.fi\/#\/forms\" target=\"_blank\" rel=\"noopener\">Eepoksessa <\/a>22.4. &#8211; 30.9.2025<\/strong><\/p><p>Muskareita vauvoille, leikki-ik\u00e4isille, kantele-, ukulele- ja rytmiikkaryhmi\u00e4 sek\u00e4 musiikkistarttiryhmi\u00e4. <br \/>Opetuspisteit\u00e4: Roihuvuori, It\u00e4keskus, Myllypuro, Viikki, Kulosaari ja Laajasalo. <br \/>Kaikki syksyn 2025 ryhm\u00e4t l\u00f6yd\u00e4t t\u00e4\u00e4lt\u00e4: <a href=\"https:\/\/ihmo.fi\/ihmo\/wp-content\/uploads\/2025\/05\/Lukujarjestys-opetuspisteittain-2025-2026-1.pdf\" target=\"_blank\" rel=\"noopener\">Muskariryhm\u00e4t toimipisteitt\u00e4in<\/a><\/p><p>Sonetti-kuorossa on omat ryhm\u00e4t 6 &#8211; 7-vuotiaille, 7 -8- vuotiaille sek\u00e4 yli 10-vuotiaille.<\/p>\t\t\t\t\t\t\t\t<\/div>\n\t\t\t\t<\/div>\n\t\t\t\t\t<\/div>\n\t\t\t\t<\/div>\n\t\t\t\t<\/div>\n\t\t","protected":false},"excerpt":{"rendered":"<p>Ilmoittautuminen syksyn 2025 muskariryhmiin ja Sonettikuoroon on k\u00e4ynniss\u00e4. Ilmoittaudu Eepoksessa 22.4. &#8211; 30.9.2025 Muskareita vauvoille, leikki-ik\u00e4isille, kantele-, ukulele- ja rytmiikkaryhmi\u00e4 sek\u00e4 musiikkistarttiryhmi\u00e4. Opetuspisteit\u00e4: Roihuvuori, It\u00e4keskus, Myllypuro, Viikki, Kulosaari ja Laajasalo. Kaikki syksyn 2025 ryhm\u00e4t l\u00f6yd\u00e4t t\u00e4\u00e4lt\u00e4: Muskariryhm\u00e4t toimipisteitt\u00e4in Sonetti-kuorossa on omat ryhm\u00e4t 6 &#8211; 7-vuotiaille, 7 -8- vuotiaille sek\u00e4 yli 10-vuotiaille.<\/p>\n","protected":false},"author":156753794,"featured_media":0,"comment_status":"closed","ping_status":"closed","sticky":false,"template":"","format":"standard","meta":{"footnotes":""},"categories":[126417,10765],"tags":[126441],"class_list":["post-16896","post","type-post","status-publish","format-standard","hentry","category-ajankohtaista","category-yleinen","tag-etusivu"],"jetpack_featured_media_url":"","_links":{"self":[{"href":"https:\/\/ihmo.fi\/ihmo\/wp-json\/wp\/v2\/posts\/16896","targetHints":{"allow":["GET"]}}],"collection":[{"href":"https:\/\/ihmo.fi\/ihmo\/wp-json\/wp\/v2\/posts"}],"about":[{"href":"https:\/\/ihmo.fi\/ihmo\/wp-json\/wp\/v2\/types\/post"}],"author":[{"embeddable":true,"href":"https:\/\/ihmo.fi\/ihmo\/wp-json\/wp\/v2\/users\/156753794"}],"replies":[{"embeddable":true,"href":"https:\/\/ihmo.fi\/ihmo\/wp-json\/wp\/v2\/comments?post=16896"}],"version-history":[{"count":11,"href":"https:\/\/ihmo.fi\/ihmo\/wp-json\/wp\/v2\/posts\/16896\/revisions"}],"predecessor-version":[{"id":17078,"href":"https:\/\/ihmo.fi\/ihmo\/wp-json\/wp\/v2\/posts\/16896\/revisions\/17078"}],"wp:attachment":[{"href":"https:\/\/ihmo.fi\/ihmo\/wp-json\/wp\/v2\/media?parent=16896"}],"wp:term":[{"taxonomy":"category","embeddable":true,"href":"https:\/\/ihmo.fi\/ihmo\/wp-json\/wp\/v2\/categories?post=16896"},{"taxonomy":"post_tag","embeddable":true,"href":"https:\/\/ihmo.fi\/ihmo\/wp-json\/wp\/v2\/tags?post=16896"}],"curies":[{"name":"wp","href":"https:\/\/api.w.org\/{rel}","templated":true}]}}