{"id":17026,"date":"2025-06-19T11:49:53","date_gmt":"2025-06-19T08:49:53","guid":{"rendered":"https:\/\/ihmo.fi\/ihmo\/?p=17026"},"modified":"2025-08-05T10:14:00","modified_gmt":"2025-08-05T07:14:00","slug":"hyvaa-kesaa-syyslukukausi-alkaa-18-8","status":"publish","type":"post","link":"https:\/\/ihmo.fi\/ihmo\/hyvaa-kesaa-syyslukukausi-alkaa-18-8\/","title":{"rendered":"Syyslukukausi alkaa elokuussa"},"content":{"rendered":"\t\t<div data-elementor-type=\"wp-post\" data-elementor-id=\"17026\" class=\"elementor elementor-17026\" data-elementor-post-type=\"post\">\n\t\t\t\t<div class=\"elementor-element elementor-element-c272ecd e-flex e-con-boxed e-con e-parent\" data-id=\"c272ecd\" data-element_type=\"container\" data-e-type=\"container\">\n\t\t\t\t\t<div class=\"e-con-inner\">\n\t\t\t\t<div class=\"elementor-element elementor-element-050117c elementor-widget elementor-widget-text-editor\" data-id=\"050117c\" data-element_type=\"widget\" data-e-type=\"widget\" data-widget_type=\"text-editor.default\">\n\t\t\t\t<div class=\"elementor-widget-container\">\n\t\t\t\t\t\t\t\t\t<p><strong>Opetustoiminta IHMOssa alkaa elokuussa seuraavasti:<\/strong><\/p><ul><li><span style=\"color: var( --e-global-color-text ); font-family: var( --e-global-typography-text-font-family ), Sans-serif; font-weight: var( --e-global-typography-text-font-weight ); text-align: var(--text-align); font-size: 1rem;\">ilmoittautuminen muskariin ja Sonetti-kuoroon on k\u00e4ynniss\u00e4\u00a0<a href=\"https:\/\/ihmo.eepos.fi\/#\/forms\" target=\"_blank\" rel=\"noopener\">Eepoksessa<\/a><\/span><\/li><li><span style=\"color: var( --e-global-color-text ); font-family: var( --e-global-typography-text-font-family ), Sans-serif; font-weight: var( --e-global-typography-text-font-weight ); text-align: var(--text-align); font-size: 1rem;\">viikolla 33 (11.-17.8.) alkaa ilmoittautuminen musiikin hahmotusaineiden valinnaisiin aineisiin (muha 3 &#8211; 5) <a href=\"https:\/\/ihmo.eepos.fi\/#\/splash\" target=\"_blank\" rel=\"noopener\">Eepoksessa<\/a><\/span><\/li><li>ma 25.8. alkavat muskariryhm\u00e4t, my\u00f6s p\u00e4iv\u00e4kodeissa<\/li><li><span style=\"color: var( --e-global-color-text ); font-family: var( --e-global-typography-text-font-family ), Sans-serif; font-weight: var( --e-global-typography-text-font-weight ); text-align: var(--text-align); font-size: 1rem;\">ma 18.8. alkaa soiton- ja laulunopetus<\/span>\u00a0ja muha-intro-ryhm\u00e4t\u00a0<\/li><li><span style=\"color: var( --e-global-color-text ); font-family: var( --e-global-typography-text-font-family ), Sans-serif; font-weight: var( --e-global-typography-text-font-weight ); text-align: var(--text-align); font-size: 1rem;\">ma 25.8. alkaa m<\/span>usiikin hahmotusaineiden opetus (muha 1 &#8211; 5)<\/li><li>orkesteritoiminnan aloituksesta tiedotetaan erikseen<\/li><\/ul><p>Oppilaat voivat tarkistaa ryhm\u00e4- ja muut opetustiedot omasta eepoksestaan kohdasta <em>Opinnot<\/em>.\u00a0<br \/>Kaikki muha 1 ja 2 ryhm\u00e4t n\u00e4et t\u00e4st\u00e4 <a href=\"https:\/\/ihmo.fi\/ihmo\/wp-content\/uploads\/2025\/06\/Muha_1_2_lukkari_kotisivuille.pdf\" target=\"_blank\" rel=\"noopener\">liitteest\u00e4<\/a>. Valinnaisten muha 3-5 kurssilistan n\u00e4et t\u00e4st\u00e4 <a href=\"https:\/\/ihmo.fi\/ihmo\/wp-content\/uploads\/2025\/06\/Muha_3_5_lukkari_kotisivuille.pdf\" target=\"_blank\" rel=\"noopener\">liitteest\u00e4<\/a> (muutokset viel\u00e4 mahdollisia). Tarkemmat kurssikuvaukset tulevat n\u00e4kym\u00e4\u00e4n my\u00f6s ilmoittautumislomakkeelta.\u00a0 Lis\u00e4tietoa musiikin hahmotusaineiden opinnoista l\u00f6yd\u00e4t kohdasta <a href=\"https:\/\/ihmo.fi\/ihmo\/opetus\/musiikin-hahmotusaineet\/\" target=\"_blank\" rel=\"noopener\">Musiikin hahmotusaineet<\/a>.<\/p><p><strong>Lukuvuosi 2025-2026 on It\u00e4-Helsingin musiikkiopiston juhlavuosi &#8211; 60. lukuvuosi.<\/strong> Juhlavuoteen sis\u00e4ltyy monipuolisia tapahtumia kaikenik\u00e4isille.<\/p><p>Jo lukuvuosi 2024 &#8211; 2025 oli menestyksek\u00e4s. IHMOn oppilaat ja opettajat osallistuivat moniin tapahtumiin, konsertteihin ja kilpailuihin lukuvuoden aikana. Huippuhetket on nyt ker\u00e4ttyn\u00e4 lukuvuosikoosteeseen: <strong><a href=\"https:\/\/ihmo.fi\/ihmo\/wp-content\/uploads\/2025\/06\/IHMOn-lukuvuosi-2024-25-kooste_final.pdf\" target=\"_blank\" rel=\"noopener\">Lukuvuosi 2024-2025 sanoin ja kuvin<\/a>\u00a0<\/strong><\/p>\t\t\t\t\t\t\t\t<\/div>\n\t\t\t\t<\/div>\n\t\t\t\t\t<\/div>\n\t\t\t\t<\/div>\n\t\t<div class=\"elementor-element elementor-element-42b322c e-flex e-con-boxed e-con e-parent\" data-id=\"42b322c\" data-element_type=\"container\" data-e-type=\"container\">\n\t\t\t\t\t<div class=\"e-con-inner\">\n\t\t\t\t<div class=\"elementor-element elementor-element-c99cafd elementor-widget elementor-widget-image\" data-id=\"c99cafd\" data-element_type=\"widget\" data-e-type=\"widget\" data-widget_type=\"image.default\">\n\t\t\t\t<div class=\"elementor-widget-container\">\n\t\t\t\t\t\t\t\t\t\t\t\t\t\t\t<img fetchpriority=\"high\" decoding=\"async\" width=\"640\" height=\"311\" src=\"https:\/\/ihmo.fi\/ihmo\/wp-content\/uploads\/2024\/06\/daisy-1024x498.jpg\" class=\"attachment-large size-large wp-image-14610\" alt=\"\" srcset=\"https:\/\/ihmo.fi\/ihmo\/wp-content\/uploads\/2024\/06\/daisy-1024x498.jpg 1024w, https:\/\/ihmo.fi\/ihmo\/wp-content\/uploads\/2024\/06\/daisy-300x146.jpg 300w, https:\/\/ihmo.fi\/ihmo\/wp-content\/uploads\/2024\/06\/daisy-150x73.jpg 150w, https:\/\/ihmo.fi\/ihmo\/wp-content\/uploads\/2024\/06\/daisy-768x373.jpg 768w, https:\/\/ihmo.fi\/ihmo\/wp-content\/uploads\/2024\/06\/daisy-1536x747.jpg 1536w, https:\/\/ihmo.fi\/ihmo\/wp-content\/uploads\/2024\/06\/daisy-2048x996.jpg 2048w\" sizes=\"(max-width: 640px) 100vw, 640px\" \/>\t\t\t\t\t\t\t\t\t\t\t\t\t\t\t<\/div>\n\t\t\t\t<\/div>\n\t\t\t\t\t<\/div>\n\t\t\t\t<\/div>\n\t\t\t\t<\/div>\n\t\t","protected":false},"excerpt":{"rendered":"<p>Opetustoiminta IHMOssa alkaa elokuussa seuraavasti: ilmoittautuminen muskariin ja Sonetti-kuoroon on k\u00e4ynniss\u00e4\u00a0Eepoksessa viikolla 33 (11.-17.8.) alkaa ilmoittautuminen musiikin hahmotusaineiden valinnaisiin aineisiin (muha 3 &#8211; 5) Eepoksessa ma 25.8. alkavat muskariryhm\u00e4t, my\u00f6s p\u00e4iv\u00e4kodeissa ma 18.8. alkaa soiton- ja laulunopetus\u00a0ja muha-intro-ryhm\u00e4t\u00a0 ma 25.8. alkaa musiikin hahmotusaineiden opetus (muha 1 &#8211; 5) orkesteritoiminnan aloituksesta tiedotetaan erikseen Oppilaat voivat tarkistaa [&hellip;]<\/p>\n","protected":false},"author":156753794,"featured_media":0,"comment_status":"closed","ping_status":"closed","sticky":false,"template":"","format":"standard","meta":{"footnotes":""},"categories":[126417,10765],"tags":[126441],"class_list":["post-17026","post","type-post","status-publish","format-standard","hentry","category-ajankohtaista","category-yleinen","tag-etusivu"],"jetpack_featured_media_url":"","_links":{"self":[{"href":"https:\/\/ihmo.fi\/ihmo\/wp-json\/wp\/v2\/posts\/17026","targetHints":{"allow":["GET"]}}],"collection":[{"href":"https:\/\/ihmo.fi\/ihmo\/wp-json\/wp\/v2\/posts"}],"about":[{"href":"https:\/\/ihmo.fi\/ihmo\/wp-json\/wp\/v2\/types\/post"}],"author":[{"embeddable":true,"href":"https:\/\/ihmo.fi\/ihmo\/wp-json\/wp\/v2\/users\/156753794"}],"replies":[{"embeddable":true,"href":"https:\/\/ihmo.fi\/ihmo\/wp-json\/wp\/v2\/comments?post=17026"}],"version-history":[{"count":33,"href":"https:\/\/ihmo.fi\/ihmo\/wp-json\/wp\/v2\/posts\/17026\/revisions"}],"predecessor-version":[{"id":17183,"href":"https:\/\/ihmo.fi\/ihmo\/wp-json\/wp\/v2\/posts\/17026\/revisions\/17183"}],"wp:attachment":[{"href":"https:\/\/ihmo.fi\/ihmo\/wp-json\/wp\/v2\/media?parent=17026"}],"wp:term":[{"taxonomy":"category","embeddable":true,"href":"https:\/\/ihmo.fi\/ihmo\/wp-json\/wp\/v2\/categories?post=17026"},{"taxonomy":"post_tag","embeddable":true,"href":"https:\/\/ihmo.fi\/ihmo\/wp-json\/wp\/v2\/tags?post=17026"}],"curies":[{"name":"wp","href":"https:\/\/api.w.org\/{rel}","templated":true}]}}