{"id":17743,"date":"2025-10-23T15:50:28","date_gmt":"2025-10-23T12:50:28","guid":{"rendered":"https:\/\/ihmo.fi\/ihmo\/?p=17743"},"modified":"2025-10-24T09:59:55","modified_gmt":"2025-10-24T06:59:55","slug":"ihmon-alumnien-konserttisarja","status":"publish","type":"post","link":"https:\/\/ihmo.fi\/ihmo\/ihmon-alumnien-konserttisarja\/","title":{"rendered":"IHMOn alumnien konserttisarja"},"content":{"rendered":"\t\t<div data-elementor-type=\"wp-post\" data-elementor-id=\"17743\" class=\"elementor elementor-17743\" data-elementor-post-type=\"post\">\n\t\t\t\t<div class=\"elementor-element elementor-element-bd5d368 e-flex e-con-boxed e-con e-parent\" data-id=\"bd5d368\" data-element_type=\"container\" data-e-type=\"container\">\n\t\t\t\t\t<div class=\"e-con-inner\">\n\t\t\t\t<div class=\"elementor-element elementor-element-a50861d elementor-widget elementor-widget-text-editor\" data-id=\"a50861d\" data-element_type=\"widget\" data-e-type=\"widget\" data-widget_type=\"text-editor.default\">\n\t\t\t\t<div class=\"elementor-widget-container\">\n\t\t\t\t\t\t\t\t\t<p>It\u00e4-Helsingin musiikkiopiston juhlavuoden alumnikonserteissa esiintyv\u00e4t IHMOn yst\u00e4v\u00e4t, opettajat ja entiset oppilaat. Konserttisarja alkaa lauantaina 25.10. klo 16 opiston uudessa konserttisalissa Iiris-keskuksessa (Marjaniementie 74, 3. krs).<\/p><p>Konsertteihin on vapaa p\u00e4\u00e4sy, tervetuloa!<\/p>\t\t\t\t\t\t\t\t<\/div>\n\t\t\t\t<\/div>\n\t\t\t\t\t<\/div>\n\t\t\t\t<\/div>\n\t\t<div class=\"elementor-element elementor-element-dc9c705 e-flex e-con-boxed e-con e-parent\" data-id=\"dc9c705\" data-element_type=\"container\" data-e-type=\"container\">\n\t\t\t\t\t<div class=\"e-con-inner\">\n\t\t\t\t<div class=\"elementor-element elementor-element-e567c4c elementor-widget elementor-widget-image\" data-id=\"e567c4c\" data-element_type=\"widget\" data-e-type=\"widget\" data-widget_type=\"image.default\">\n\t\t\t\t<div class=\"elementor-widget-container\">\n\t\t\t\t\t\t\t\t\t\t\t\t\t\t\t<img decoding=\"async\" src=\"https:\/\/ihmo.fi\/ihmo\/wp-content\/uploads\/2025\/10\/Alumnikonserttisarja2025-scaled.jpg\" title=\"Alumnikonserttisarja2025\" alt=\"Alumnikonserttisarja2025\" loading=\"lazy\" \/>\t\t\t\t\t\t\t\t\t\t\t\t\t\t\t<\/div>\n\t\t\t\t<\/div>\n\t\t\t\t\t<\/div>\n\t\t\t\t<\/div>\n\t\t\t\t<\/div>\n\t\t","protected":false},"excerpt":{"rendered":"<p>It\u00e4-Helsingin musiikkiopiston juhlavuoden alumnikonserteissa esiintyv\u00e4t IHMOn yst\u00e4v\u00e4t, opettajat ja entiset oppilaat. Konserttisarja alkaa lauantaina 25.10. klo 16 opiston uudessa konserttisalissa Iiris-keskuksessa (Marjaniementie 74, 3. krs). Konsertteihin on vapaa p\u00e4\u00e4sy, tervetuloa!<\/p>\n","protected":false},"author":156753794,"featured_media":0,"comment_status":"closed","ping_status":"closed","sticky":false,"template":"","format":"standard","meta":{"footnotes":""},"categories":[126417,10765],"tags":[126441],"class_list":["post-17743","post","type-post","status-publish","format-standard","hentry","category-ajankohtaista","category-yleinen","tag-etusivu"],"jetpack_featured_media_url":"","_links":{"self":[{"href":"https:\/\/ihmo.fi\/ihmo\/wp-json\/wp\/v2\/posts\/17743","targetHints":{"allow":["GET"]}}],"collection":[{"href":"https:\/\/ihmo.fi\/ihmo\/wp-json\/wp\/v2\/posts"}],"about":[{"href":"https:\/\/ihmo.fi\/ihmo\/wp-json\/wp\/v2\/types\/post"}],"author":[{"embeddable":true,"href":"https:\/\/ihmo.fi\/ihmo\/wp-json\/wp\/v2\/users\/156753794"}],"replies":[{"embeddable":true,"href":"https:\/\/ihmo.fi\/ihmo\/wp-json\/wp\/v2\/comments?post=17743"}],"version-history":[{"count":7,"href":"https:\/\/ihmo.fi\/ihmo\/wp-json\/wp\/v2\/posts\/17743\/revisions"}],"predecessor-version":[{"id":17754,"href":"https:\/\/ihmo.fi\/ihmo\/wp-json\/wp\/v2\/posts\/17743\/revisions\/17754"}],"wp:attachment":[{"href":"https:\/\/ihmo.fi\/ihmo\/wp-json\/wp\/v2\/media?parent=17743"}],"wp:term":[{"taxonomy":"category","embeddable":true,"href":"https:\/\/ihmo.fi\/ihmo\/wp-json\/wp\/v2\/categories?post=17743"},{"taxonomy":"post_tag","embeddable":true,"href":"https:\/\/ihmo.fi\/ihmo\/wp-json\/wp\/v2\/tags?post=17743"}],"curies":[{"name":"wp","href":"https:\/\/api.w.org\/{rel}","templated":true}]}}