{"id":18101,"date":"2025-11-10T11:38:24","date_gmt":"2025-11-10T09:38:24","guid":{"rendered":"https:\/\/ihmo.fi\/ihmo\/?p=18101"},"modified":"2025-11-12T11:57:39","modified_gmt":"2025-11-12T09:57:39","slug":"ihmo-60-vuotta-ahti-sonninen-ensimmainen-rehtori","status":"publish","type":"post","link":"https:\/\/ihmo.fi\/ihmo\/ihmo-60-vuotta-ahti-sonninen-ensimmainen-rehtori\/","title":{"rendered":"IHMO 60 vuotta &#8211; Ahti Sonninen, ensimm\u00e4inen rehtori"},"content":{"rendered":"\t\t<div data-elementor-type=\"wp-post\" data-elementor-id=\"18101\" class=\"elementor elementor-18101\" data-elementor-post-type=\"post\">\n\t\t\t\t<div class=\"elementor-element elementor-element-b2c9815 e-flex e-con-boxed e-con e-parent\" data-id=\"b2c9815\" data-element_type=\"container\" data-e-type=\"container\">\n\t\t\t\t\t<div class=\"e-con-inner\">\n\t\t\t\t<div class=\"elementor-element elementor-element-88c47e2 elementor-widget elementor-widget-text-editor\" data-id=\"88c47e2\" data-element_type=\"widget\" data-e-type=\"widget\" data-widget_type=\"text-editor.default\">\n\t\t\t\t<div class=\"elementor-widget-container\">\n\t\t\t\t\t\t\t\t\t<p><span style=\"text-decoration: underline;\"><strong>\u201cRehtori Ahti Sonnisen sanoin: ei ole olemassa lahjatonta lasta, jokaiselle voi musiikki antaa jotain.\u201d <\/strong><\/span><\/p><p><b><span data-contrast=\"auto\">Ahti Sonninen (1914\u20131984)<\/span><\/b><span data-contrast=\"auto\">\u202fsyntyi Kuopiossa kansakouluopettajaperheeseen. Molemmat vanhemmat soittivat pianoa, ja is\u00e4\u00a0Albanius\u00a0Sonninen soitti my\u00f6s kannelta ja johti paikallista sekakuoroa. Kotona musisoitiin paljon, mik\u00e4 loi Sonniselle vahvan pohjan musiikkiharrastukselle.\u202f<\/span><span data-ccp-props=\"{&quot;134233117&quot;:false,&quot;134233118&quot;:false,&quot;335559738&quot;:0,&quot;335559739&quot;:0}\">\u00a0<\/span><\/p><p><span data-contrast=\"auto\">Sonninen valmistui Kajaanin seminaarista kansakouluopettajaksi ja ty\u00f6skenteli opettajana It\u00e4-Karjalassa vuosina 1942\u20131944. Vaikka h\u00e4n oli itse savolainen, Karjalassa viett\u00e4m\u00e4ns\u00e4 vuodet ja musiikinopettaja vaimonsa Hilkka Paulan vaikutus tekiv\u00e4t h\u00e4nest\u00e4 \u201c<\/span><i><span data-contrast=\"auto\">mielelt\u00e4\u00e4n ja syd\u00e4melt\u00e4\u00e4n karjalaisen<\/span><\/i><span data-contrast=\"auto\">\u201d.\u202f<\/span><span data-ccp-props=\"{&quot;134233117&quot;:false,&quot;134233118&quot;:false,&quot;335559738&quot;:0,&quot;335559739&quot;:0}\">\u00a0<\/span><\/p><p><span data-contrast=\"auto\">Sodan j\u00e4lkeen Sonninen keskittyi musiikkiopintoihinsa Sibelius-Akatemiassa sek\u00e4 opintomatkoihinsa Ruotsiin, Pariisiin, Lontooseen ja Saksaan. Vuosina 1946\u20131948 h\u00e4n toimi Valkeakosken musiikinjohtajana, mink\u00e4 j\u00e4lkeen h\u00e4n paneutui s\u00e4vellysty\u00f6h\u00f6ns\u00e4 ja kuoronjohtamiseen. H\u00e4n s\u00e4velsi runsaasti musiikkia kotimaisiin elokuviin, tunnetuimpana Edvin Laineen\u202f<\/span><i><span data-contrast=\"auto\">Tuntematon sotilas \u2013<\/span><\/i><span data-contrast=\"auto\">elokuvan musiikit. Vuonna 1957 Sonninen aloitti opetusty\u00f6t Sibelius-Akatemiassa, ja vuodesta 1959\u202falkaen\u202fh\u00e4n toimi koulumusiikkiosaston lehtorina.\u202f<\/span><span data-ccp-props=\"{&quot;134233117&quot;:false,&quot;134233118&quot;:false,&quot;335559738&quot;:0,&quot;335559739&quot;:0}\">\u00a0<\/span><\/p><p><span data-contrast=\"auto\">Vuonna 1965 Sonninen valittiin It\u00e4-Helsingin musiikkiopiston ensimm\u00e4iseksi johtajaksi.\u202fV\u00e4in\u00f6 Karhum\u00e4ki kertoi aikanaan opiston perustamisvaiheista ja er\u00e4\u00e4st\u00e4 aamuy\u00f6n illasta, jolloin h\u00e4n oli kysynyt Sonnista opiston johtajaksi. Sonninen oli ollut ensin sit\u00e4 mielt\u00e4, ett\u00e4 ensiksi pit\u00e4isi kysy\u00e4\u00a0Jouko\u00a0Toloselta, koska h\u00e4n asui l\u00e4hist\u00f6ll\u00e4, mutta t\u00e4m\u00e4 joutui kielt\u00e4ytym\u00e4\u00e4n v\u00e4it\u00f6skirja- ja Turun yliopiston professoriteht\u00e4vien vuoksi.\u202fKarhum\u00e4ki oli t\u00e4m\u00e4n j\u00e4lkeen kysynyt Tolosen mielipidett\u00e4 Sonnisesta opiston ensimm\u00e4iseksi johtajaksi ja rehtoriksi.\u202fTolosen vastaus oli ollut my\u00f6nteinen:\u00a0\u201c<\/span><i><span data-contrast=\"auto\">hyv\u00e4 kaveri<\/span><\/i><span data-contrast=\"auto\">\u201d.\u202f\u202f\u202f<\/span><span data-ccp-props=\"{&quot;134233117&quot;:false,&quot;134233118&quot;:false,&quot;335559738&quot;:0,&quot;335559739&quot;:0}\">\u00a0<\/span><\/p><p><span data-contrast=\"auto\">Sonninen toimi rehtorina l\u00e4hes 20 vuotta, kasvattaen opiston vaatimattomasta alusta maan suurimmaksi musiikkiopistoksi, jossa oppilaita oli lopulta yli 2 000. H\u00e4n j\u00e4i el\u00e4kkeelle t\u00e4ytetty\u00e4\u00e4n 70 vuotta ja kuoli \u00e4killisesti 28.7.1984.\u202f<\/span><span data-ccp-props=\"{&quot;134233117&quot;:false,&quot;134233118&quot;:false,&quot;335559738&quot;:0,&quot;335559739&quot;:0}\">\u00a0<\/span><\/p><p>\u201cAhti Sonninen ja n\u00e4m\u00e4 muut perustajaj\u00e4senet olivat sit\u00e4 ik\u00e4polvea, joille is\u00e4nmaallisuus ja oman kansakunnan kehitt\u00e4minen olivat kunnia-asia ja velvollisuus. He olivat hyvin aatteellisia. &#8212; Ahti Sonninen oli eritt\u00e4in syd\u00e4mellinen ja v\u00e4lillemme syntyi\u202fyst\u00e4vyys. H\u00e4n saattoi\u00a0yht\u2019\u00e4kki\u00e4\u00a0seist\u00e4 meid\u00e4n\u00a0oven\u00a0takana s\u00e4killinen perunoita mukanaan lahjaksi, koko ajan sellaista pient\u00e4.\u201d &#8211;\u00a0G\u00e9za\u00a0Szilvay\u202f\u00a0<\/p><p>\u201cAhti Sonninen antoi kaikkien kukkien kukkia, ts. Opettajat saivat toteuttaa itse\u00e4\u00e4n ja opetusmenetelmi\u00e4\u00e4n\u202fvapaasti\u202fja t\u00e4ll\u00e4 oli usein hyv\u00e4t ja kauaskantoiset seuraukset. Otetaan esimerkiksi vaikkapa nuoren\u202fG\u00e9zan\u202fcolourstrings, joku muu olisi voinut j\u00e4tt\u00e4\u00e4 koko jutun huomiotta heti alkuunsa, mutta Ahti ymm\u00e4rsi sen mahdollisuudet.\u201d &#8211; Ritva\u202fOllaranta\u202f\u00a0<\/p><p>L\u00e4hteet: IHMO arkisto ja Sepp\u00e4l\u00e4, Elina: Nelj\u00e4 vuosikymment\u00e4 musiikkia, It\u00e4-Helsingin Musiikkiopisto (2008)<\/p>\t\t\t\t\t\t\t\t<\/div>\n\t\t\t\t<\/div>\n\t\t\t\t\t<\/div>\n\t\t\t\t<\/div>\n\t\t<div class=\"elementor-element elementor-element-f0eb6d2 e-flex e-con-boxed e-con e-parent\" data-id=\"f0eb6d2\" data-element_type=\"container\" data-e-type=\"container\">\n\t\t\t\t\t<div class=\"e-con-inner\">\n\t\t<div class=\"elementor-element elementor-element-228b4f6 e-con-full e-flex e-con e-child\" data-id=\"228b4f6\" data-element_type=\"container\" data-e-type=\"container\">\n\t\t\t\t<div class=\"elementor-element elementor-element-19ca9ce elementor-widget elementor-widget-image\" data-id=\"19ca9ce\" data-element_type=\"widget\" data-e-type=\"widget\" data-widget_type=\"image.default\">\n\t\t\t\t<div class=\"elementor-widget-container\">\n\t\t\t\t\t\t\t\t\t\t\t\t\t\t\t<img fetchpriority=\"high\" decoding=\"async\" width=\"640\" height=\"859\" src=\"https:\/\/ihmo.fi\/ihmo\/wp-content\/uploads\/2025\/11\/Sonninen-763x1024.jpg\" class=\"attachment-large size-large wp-image-18106\" alt=\"\" srcset=\"https:\/\/ihmo.fi\/ihmo\/wp-content\/uploads\/2025\/11\/Sonninen-763x1024.jpg 763w, https:\/\/ihmo.fi\/ihmo\/wp-content\/uploads\/2025\/11\/Sonninen-224x300.jpg 224w, https:\/\/ihmo.fi\/ihmo\/wp-content\/uploads\/2025\/11\/Sonninen-112x150.jpg 112w, https:\/\/ihmo.fi\/ihmo\/wp-content\/uploads\/2025\/11\/Sonninen-768x1031.jpg 768w, https:\/\/ihmo.fi\/ihmo\/wp-content\/uploads\/2025\/11\/Sonninen-1145x1536.jpg 1145w, https:\/\/ihmo.fi\/ihmo\/wp-content\/uploads\/2025\/11\/Sonninen-1526x2048.jpg 1526w, https:\/\/ihmo.fi\/ihmo\/wp-content\/uploads\/2025\/11\/Sonninen-scaled.jpg 1908w\" sizes=\"(max-width: 640px) 100vw, 640px\" \/>\t\t\t\t\t\t\t\t\t\t\t\t\t\t\t<\/div>\n\t\t\t\t<\/div>\n\t\t\t\t<\/div>\n\t\t<div class=\"elementor-element elementor-element-16e11b8 e-con-full e-flex e-con e-child\" data-id=\"16e11b8\" data-element_type=\"container\" data-e-type=\"container\">\n\t\t\t\t<div class=\"elementor-element elementor-element-f72f78b elementor-widget elementor-widget-image\" data-id=\"f72f78b\" data-element_type=\"widget\" data-e-type=\"widget\" data-widget_type=\"image.default\">\n\t\t\t\t<div class=\"elementor-widget-container\">\n\t\t\t\t\t\t\t\t\t\t\t\t\t\t\t<img decoding=\"async\" width=\"640\" height=\"988\" src=\"https:\/\/ihmo.fi\/ihmo\/wp-content\/uploads\/2025\/11\/GjaC_Szilvay_Sonninen1975_2040-663x1024.jpg\" class=\"attachment-large size-large wp-image-18104\" alt=\"\" srcset=\"https:\/\/ihmo.fi\/ihmo\/wp-content\/uploads\/2025\/11\/GjaC_Szilvay_Sonninen1975_2040-663x1024.jpg 663w, https:\/\/ihmo.fi\/ihmo\/wp-content\/uploads\/2025\/11\/GjaC_Szilvay_Sonninen1975_2040-194x300.jpg 194w, https:\/\/ihmo.fi\/ihmo\/wp-content\/uploads\/2025\/11\/GjaC_Szilvay_Sonninen1975_2040-97x150.jpg 97w, https:\/\/ihmo.fi\/ihmo\/wp-content\/uploads\/2025\/11\/GjaC_Szilvay_Sonninen1975_2040-768x1186.jpg 768w, https:\/\/ihmo.fi\/ihmo\/wp-content\/uploads\/2025\/11\/GjaC_Szilvay_Sonninen1975_2040-995x1536.jpg 995w, https:\/\/ihmo.fi\/ihmo\/wp-content\/uploads\/2025\/11\/GjaC_Szilvay_Sonninen1975_2040-1326x2048.jpg 1326w, https:\/\/ihmo.fi\/ihmo\/wp-content\/uploads\/2025\/11\/GjaC_Szilvay_Sonninen1975_2040-scaled.jpg 1658w\" sizes=\"(max-width: 640px) 100vw, 640px\" \/>\t\t\t\t\t\t\t\t\t\t\t\t\t\t\t<\/div>\n\t\t\t\t<\/div>\n\t\t\t\t<\/div>\n\t\t\t\t\t<\/div>\n\t\t\t\t<\/div>\n\t\t<div class=\"elementor-element elementor-element-abc36c1 e-flex e-con-boxed e-con e-parent\" data-id=\"abc36c1\" data-element_type=\"container\" data-e-type=\"container\">\n\t\t\t\t\t<div class=\"e-con-inner\">\n\t\t<div class=\"elementor-element elementor-element-9605047 e-con-full e-flex e-con e-child\" data-id=\"9605047\" data-element_type=\"container\" data-e-type=\"container\">\n\t\t\t\t<div class=\"elementor-element elementor-element-84c0400 elementor-widget elementor-widget-text-editor\" data-id=\"84c0400\" data-element_type=\"widget\" data-e-type=\"widget\" data-widget_type=\"text-editor.default\">\n\t\t\t\t<div class=\"elementor-widget-container\">\n\t\t\t\t\t\t\t\t\t<p>1. valokuva: Ahti Sonninen -taiteilijakuva<\/p>\t\t\t\t\t\t\t\t<\/div>\n\t\t\t\t<\/div>\n\t\t\t\t<\/div>\n\t\t<div class=\"elementor-element elementor-element-46c20af e-con-full e-flex e-con e-child\" data-id=\"46c20af\" data-element_type=\"container\" data-e-type=\"container\">\n\t\t\t\t<div class=\"elementor-element elementor-element-cfef944 elementor-widget elementor-widget-text-editor\" data-id=\"cfef944\" data-element_type=\"widget\" data-e-type=\"widget\" data-widget_type=\"text-editor.default\">\n\t\t\t\t<div class=\"elementor-widget-container\">\n\t\t\t\t\t\t\t\t\t<p>2. valokuva: G\u00e9za Szilvay, Ahti Sonninen ja Csaba Szilvay vuonna 1975, IHMO arkisto<\/p>\t\t\t\t\t\t\t\t<\/div>\n\t\t\t\t<\/div>\n\t\t\t\t<\/div>\n\t\t\t\t\t<\/div>\n\t\t\t\t<\/div>\n\t\t<div class=\"elementor-element elementor-element-f4c8163 e-flex e-con-boxed e-con e-parent\" data-id=\"f4c8163\" data-element_type=\"container\" data-e-type=\"container\">\n\t\t\t\t\t<div class=\"e-con-inner\">\n\t\t<div class=\"elementor-element elementor-element-438c1a0 e-con-full e-flex e-con e-child\" data-id=\"438c1a0\" data-element_type=\"container\" data-e-type=\"container\">\n\t\t\t\t<div class=\"elementor-element elementor-element-b58bb51 elementor-widget elementor-widget-image\" data-id=\"b58bb51\" data-element_type=\"widget\" data-e-type=\"widget\" data-widget_type=\"image.default\">\n\t\t\t\t<div class=\"elementor-widget-container\">\n\t\t\t\t\t\t\t\t\t\t\t\t\t\t\t<img decoding=\"async\" width=\"640\" height=\"511\" src=\"https:\/\/ihmo.fi\/ihmo\/wp-content\/uploads\/2025\/11\/sibelius.93841952-0c3a-4e35-b943-339401c15ef4-0-master-1-1024x817.jpg\" class=\"attachment-large size-large wp-image-18103\" alt=\"\" srcset=\"https:\/\/ihmo.fi\/ihmo\/wp-content\/uploads\/2025\/11\/sibelius.93841952-0c3a-4e35-b943-339401c15ef4-0-master-1-1024x817.jpg 1024w, https:\/\/ihmo.fi\/ihmo\/wp-content\/uploads\/2025\/11\/sibelius.93841952-0c3a-4e35-b943-339401c15ef4-0-master-1-300x239.jpg 300w, https:\/\/ihmo.fi\/ihmo\/wp-content\/uploads\/2025\/11\/sibelius.93841952-0c3a-4e35-b943-339401c15ef4-0-master-1-150x120.jpg 150w, https:\/\/ihmo.fi\/ihmo\/wp-content\/uploads\/2025\/11\/sibelius.93841952-0c3a-4e35-b943-339401c15ef4-0-master-1-768x613.jpg 768w, https:\/\/ihmo.fi\/ihmo\/wp-content\/uploads\/2025\/11\/sibelius.93841952-0c3a-4e35-b943-339401c15ef4-0-master-1.jpg 1277w\" sizes=\"(max-width: 640px) 100vw, 640px\" \/>\t\t\t\t\t\t\t\t\t\t\t\t\t\t\t<\/div>\n\t\t\t\t<\/div>\n\t\t\t\t<\/div>\n\t\t<div class=\"elementor-element elementor-element-4588e7e e-con-full e-flex e-con e-child\" data-id=\"4588e7e\" data-element_type=\"container\" data-e-type=\"container\">\n\t\t\t\t<div class=\"elementor-element elementor-element-f41360c elementor-widget elementor-widget-image\" data-id=\"f41360c\" data-element_type=\"widget\" data-e-type=\"widget\" data-widget_type=\"image.default\">\n\t\t\t\t<div class=\"elementor-widget-container\">\n\t\t\t\t\t\t\t\t\t\t\t\t\t\t\t<img loading=\"lazy\" decoding=\"async\" width=\"640\" height=\"432\" src=\"https:\/\/ihmo.fi\/ihmo\/wp-content\/uploads\/2025\/11\/Sonninen-_1984-1024x691.jpg\" class=\"attachment-large size-large wp-image-18105\" alt=\"\" srcset=\"https:\/\/ihmo.fi\/ihmo\/wp-content\/uploads\/2025\/11\/Sonninen-_1984-1024x691.jpg 1024w, https:\/\/ihmo.fi\/ihmo\/wp-content\/uploads\/2025\/11\/Sonninen-_1984-300x202.jpg 300w, https:\/\/ihmo.fi\/ihmo\/wp-content\/uploads\/2025\/11\/Sonninen-_1984-150x101.jpg 150w, https:\/\/ihmo.fi\/ihmo\/wp-content\/uploads\/2025\/11\/Sonninen-_1984-768x518.jpg 768w, https:\/\/ihmo.fi\/ihmo\/wp-content\/uploads\/2025\/11\/Sonninen-_1984-1536x1037.jpg 1536w, https:\/\/ihmo.fi\/ihmo\/wp-content\/uploads\/2025\/11\/Sonninen-_1984-2048x1382.jpg 2048w\" sizes=\"(max-width: 640px) 100vw, 640px\" \/>\t\t\t\t\t\t\t\t\t\t\t\t\t\t\t<\/div>\n\t\t\t\t<\/div>\n\t\t\t\t<\/div>\n\t\t\t\t\t<\/div>\n\t\t\t\t<\/div>\n\t\t<div class=\"elementor-element elementor-element-bd549c8 e-flex e-con-boxed e-con e-parent\" data-id=\"bd549c8\" data-element_type=\"container\" data-e-type=\"container\">\n\t\t\t\t\t<div class=\"e-con-inner\">\n\t\t<div class=\"elementor-element elementor-element-915d24e e-con-full e-flex e-con e-child\" data-id=\"915d24e\" data-element_type=\"container\" data-e-type=\"container\">\n\t\t\t\t<div class=\"elementor-element elementor-element-49827f1 elementor-widget elementor-widget-text-editor\" data-id=\"49827f1\" data-element_type=\"widget\" data-e-type=\"widget\" data-widget_type=\"text-editor.default\">\n\t\t\t\t<div class=\"elementor-widget-container\">\n\t\t\t\t\t\t\t\t\t<p>3. valokuva: Einari Marvia, Jouko Tolonen, Taneli Kuusisto ja Ahti Sonninen, vuonna 1948, Sibelius-museon arkisto<\/p>\t\t\t\t\t\t\t\t<\/div>\n\t\t\t\t<\/div>\n\t\t\t\t<\/div>\n\t\t<div class=\"elementor-element elementor-element-bc13040 e-con-full e-flex e-con e-child\" data-id=\"bc13040\" data-element_type=\"container\" data-e-type=\"container\">\n\t\t\t\t<div class=\"elementor-element elementor-element-d36ba4c elementor-widget elementor-widget-text-editor\" data-id=\"d36ba4c\" data-element_type=\"widget\" data-e-type=\"widget\" data-widget_type=\"text-editor.default\">\n\t\t\t\t<div class=\"elementor-widget-container\">\n\t\t\t\t\t\t\t\t\t<p>4. valokuva: Ahti Sonninen, vuonna 1984, IHMO arkisto<\/p>\t\t\t\t\t\t\t\t<\/div>\n\t\t\t\t<\/div>\n\t\t\t\t<\/div>\n\t\t\t\t\t<\/div>\n\t\t\t\t<\/div>\n\t\t\t\t<\/div>\n\t\t","protected":false},"excerpt":{"rendered":"<p>\u201cRehtori Ahti Sonnisen sanoin: ei ole olemassa lahjatonta lasta, jokaiselle voi musiikki antaa jotain.\u201d Ahti Sonninen (1914\u20131984)?syntyi Kuopiossa kansakouluopettajaperheeseen. Molemmat vanhemmat soittivat pianoa, ja is\u00e4\u00a0Albanius\u00a0Sonninen soitti my\u00f6s kannelta ja johti paikallista sekakuoroa. Kotona musisoitiin paljon, mik\u00e4 loi Sonniselle vahvan pohjan musiikkiharrastukselle.?\u00a0 Sonninen valmistui Kajaanin seminaarista kansakouluopettajaksi ja ty\u00f6skenteli opettajana It\u00e4-Karjalassa vuosina 1942\u20131944. Vaikka h\u00e4n oli [&hellip;]<\/p>\n","protected":false},"author":156753795,"featured_media":0,"comment_status":"closed","ping_status":"closed","sticky":false,"template":"","format":"standard","meta":{"footnotes":""},"categories":[126417,10765],"tags":[126441],"class_list":["post-18101","post","type-post","status-publish","format-standard","hentry","category-ajankohtaista","category-yleinen","tag-etusivu"],"jetpack_featured_media_url":"","_links":{"self":[{"href":"https:\/\/ihmo.fi\/ihmo\/wp-json\/wp\/v2\/posts\/18101","targetHints":{"allow":["GET"]}}],"collection":[{"href":"https:\/\/ihmo.fi\/ihmo\/wp-json\/wp\/v2\/posts"}],"about":[{"href":"https:\/\/ihmo.fi\/ihmo\/wp-json\/wp\/v2\/types\/post"}],"author":[{"embeddable":true,"href":"https:\/\/ihmo.fi\/ihmo\/wp-json\/wp\/v2\/users\/156753795"}],"replies":[{"embeddable":true,"href":"https:\/\/ihmo.fi\/ihmo\/wp-json\/wp\/v2\/comments?post=18101"}],"version-history":[{"count":16,"href":"https:\/\/ihmo.fi\/ihmo\/wp-json\/wp\/v2\/posts\/18101\/revisions"}],"predecessor-version":[{"id":18160,"href":"https:\/\/ihmo.fi\/ihmo\/wp-json\/wp\/v2\/posts\/18101\/revisions\/18160"}],"wp:attachment":[{"href":"https:\/\/ihmo.fi\/ihmo\/wp-json\/wp\/v2\/media?parent=18101"}],"wp:term":[{"taxonomy":"category","embeddable":true,"href":"https:\/\/ihmo.fi\/ihmo\/wp-json\/wp\/v2\/categories?post=18101"},{"taxonomy":"post_tag","embeddable":true,"href":"https:\/\/ihmo.fi\/ihmo\/wp-json\/wp\/v2\/tags?post=18101"}],"curies":[{"name":"wp","href":"https:\/\/api.w.org\/{rel}","templated":true}]}}