{"id":18168,"date":"2025-11-13T16:32:43","date_gmt":"2025-11-13T14:32:43","guid":{"rendered":"https:\/\/ihmo.fi\/ihmo\/?p=18168"},"modified":"2025-11-14T15:54:15","modified_gmt":"2025-11-14T13:54:15","slug":"lasten-oikeuksien-viikko-17-23-11","status":"publish","type":"post","link":"https:\/\/ihmo.fi\/ihmo\/lasten-oikeuksien-viikko-17-23-11\/","title":{"rendered":"Lasten kulttuuria jokaiselle &#8211; Lasten oikeuksien viikko 17.-23.11."},"content":{"rendered":"\t\t<div data-elementor-type=\"wp-post\" data-elementor-id=\"18168\" class=\"elementor elementor-18168\" data-elementor-post-type=\"post\">\n\t\t\t\t<div class=\"elementor-element elementor-element-8c646cb e-flex e-con-boxed e-con e-parent\" data-id=\"8c646cb\" data-element_type=\"container\" data-e-type=\"container\">\n\t\t\t\t\t<div class=\"e-con-inner\">\n\t\t\t\t<div class=\"elementor-element elementor-element-ec7938b elementor-widget elementor-widget-text-editor\" data-id=\"ec7938b\" data-element_type=\"widget\" data-e-type=\"widget\" data-widget_type=\"text-editor.default\">\n\t\t\t\t<div class=\"elementor-widget-container\">\n\t\t\t\t\t\t\t\t\t<p><strong>Poimintoja lasten oikeuksien viikon IHMOn konserteista:<\/strong><\/p><p><strong>tiistaina 18.11. klo 19.00 Vaskien s\u00e4ihkett\u00e4, Tapiolasali, Espoon kuttuurikeskus\u00a0<\/strong><\/p><p>IHMOn ja EMOn yhteisen vaskihankkeen p\u00e4\u00e4t\u00f6skonsertti, vapaa p\u00e4\u00e4sy<\/p><p><strong>keskiviikkona 19.11. klo 9.30 ja 10.45 Lapset soittavat lapsille, <\/strong><span class=\"ng-binding\">Annansali Annankatu 30<\/span><\/p><p><span class=\"ng-binding\">It\u00e4-Helsingin musiikkiopiston oppilaat lavalla \u2013 tule mukaan nauttimaan IHMOn oppilaiden musiikin ilosta ja taitavasta musisoinnista. <\/span><span class=\"ng-binding\">Konsertissa kuulet monia eri soittimia, luvassa my\u00f6s laulua ja leikki\u00e4 yhdess\u00e4 yleis\u00f6n kanssa. Ilmoittautumiset: <a href=\"https:\/\/kultus.hel.fi\/fi\/event\/kultus:agm33aejxy\" target=\"_blank\" rel=\"noopener\">Annantalo<\/a><br \/><\/span><\/p><p><strong>keskiviikkona 19.11. klo 18.30 Nurinkurin-konsertti &#8211; ittresnok-nirukniruN\u00a0<\/strong><br \/>Puhallinsoittajien konsertti jossa tehd\u00e4\u00e4n asiat eri tavoin kuin yleens\u00e4. Tule ja yll\u00e4ty!<br \/><span style=\"font-size: 1rem;\">Iiris-sali, Marjaniementie 74, 3. krs<br \/><\/span><span style=\"font-size: 1rem;\">Vapaa p\u00e4\u00e4sy<\/span><\/p><p><strong>torstaina 20.11. Lasten oikeuksien p\u00e4iv\u00e4n konsertti, Vuotalo<\/strong><\/p><p><span class=\"ng-binding\">Vuotalon salissa, kolmessa konsertissa It\u00e4-Helsingin musiikkiopiston pianistit soittavat tuttuja ja tuntemattomia lauluja monet k\u00e4det ristiin, rastiin ja rinnakkain.<\/span><br \/><span class=\"ng-binding\"><br \/><strong>Klo 10:00 Tarinallinen konsertti jouluisissa tunnelmissa<\/strong>, kutsuttuina p\u00e4iv\u00e4kotiyleis\u00f6\u00e4<br \/><strong>Klo 11:30 Tarinallinen konsertti jouluisissa tunnelmissa<\/strong>, kutsuttuina koululaisia<br \/><strong>Klo 18:00 Monik\u00e4tisesti yhdess\u00e4: pianistit kuin orkesteri<\/strong>, kaikille avoin konsertti<br \/>Yhden konsertin kesto: noin 40 minuuttia, vapaa p\u00e4\u00e4sy<\/span><\/p><p><strong>torstaina 20.11. klo 18.30 Lasten kulttuuria jokaiselle, IHMOn sellistien oppilasilta 14<\/strong><br \/>It\u00e4-Helsingin musiikkiopisto, Ahti Sonninen -sali, Untuvaisentie 10<br \/>Vapaa p\u00e4\u00e4sy<\/p><p><strong>perjantaina 21.11. klo 18.00 Jousien juhlaa,<\/strong> Myllypuron kirkossa<br \/>Vapaa p\u00e4\u00e4sy<\/p>\t\t\t\t\t\t\t\t<\/div>\n\t\t\t\t<\/div>\n\t\t\t\t\t<\/div>\n\t\t\t\t<\/div>\n\t\t<div class=\"elementor-element elementor-element-72e4639 e-flex e-con-boxed e-con e-parent\" data-id=\"72e4639\" data-element_type=\"container\" data-e-type=\"container\">\n\t\t\t\t\t<div class=\"e-con-inner\">\n\t\t\t\t<div class=\"elementor-element elementor-element-33aa825 elementor-widget elementor-widget-image\" data-id=\"33aa825\" data-element_type=\"widget\" data-e-type=\"widget\" data-widget_type=\"image.default\">\n\t\t\t\t<div class=\"elementor-widget-container\">\n\t\t\t\t\t\t\t\t\t\t\t\t\t\t\t<img fetchpriority=\"high\" decoding=\"async\" width=\"289\" height=\"300\" src=\"https:\/\/ihmo.fi\/ihmo\/wp-content\/uploads\/2025\/11\/Lapsen-oikeuksien-viikko-logo-png-433x450-1-289x300.png\" class=\"attachment-medium size-medium wp-image-18173\" alt=\"\" srcset=\"https:\/\/ihmo.fi\/ihmo\/wp-content\/uploads\/2025\/11\/Lapsen-oikeuksien-viikko-logo-png-433x450-1-289x300.png 289w, https:\/\/ihmo.fi\/ihmo\/wp-content\/uploads\/2025\/11\/Lapsen-oikeuksien-viikko-logo-png-433x450-1-144x150.png 144w, https:\/\/ihmo.fi\/ihmo\/wp-content\/uploads\/2025\/11\/Lapsen-oikeuksien-viikko-logo-png-433x450-1.png 433w\" sizes=\"(max-width: 289px) 100vw, 289px\" \/>\t\t\t\t\t\t\t\t\t\t\t\t\t\t\t<\/div>\n\t\t\t\t<\/div>\n\t\t\t\t\t<\/div>\n\t\t\t\t<\/div>\n\t\t<div class=\"elementor-element elementor-element-0600df9 e-flex e-con-boxed e-con e-parent\" data-id=\"0600df9\" data-element_type=\"container\" data-e-type=\"container\">\n\t\t\t\t\t<div class=\"e-con-inner\">\n\t\t\t\t<div class=\"elementor-element elementor-element-9c1ea49 elementor-widget elementor-widget-image\" data-id=\"9c1ea49\" data-element_type=\"widget\" data-e-type=\"widget\" data-widget_type=\"image.default\">\n\t\t\t\t<div class=\"elementor-widget-container\">\n\t\t\t\t\t\t\t\t\t\t\t\t\t\t\t<img decoding=\"async\" width=\"640\" height=\"640\" src=\"https:\/\/ihmo.fi\/ihmo\/wp-content\/uploads\/2025\/11\/lastenkulttuuria-jokaiselle-meta-01-768x768.jpg\" class=\"attachment-medium_large size-medium_large wp-image-18187\" alt=\"\" srcset=\"https:\/\/ihmo.fi\/ihmo\/wp-content\/uploads\/2025\/11\/lastenkulttuuria-jokaiselle-meta-01-768x768.jpg 768w, https:\/\/ihmo.fi\/ihmo\/wp-content\/uploads\/2025\/11\/lastenkulttuuria-jokaiselle-meta-01-300x300.jpg 300w, https:\/\/ihmo.fi\/ihmo\/wp-content\/uploads\/2025\/11\/lastenkulttuuria-jokaiselle-meta-01-1024x1024.jpg 1024w, https:\/\/ihmo.fi\/ihmo\/wp-content\/uploads\/2025\/11\/lastenkulttuuria-jokaiselle-meta-01-150x150.jpg 150w, https:\/\/ihmo.fi\/ihmo\/wp-content\/uploads\/2025\/11\/lastenkulttuuria-jokaiselle-meta-01-1536x1536.jpg 1536w, https:\/\/ihmo.fi\/ihmo\/wp-content\/uploads\/2025\/11\/lastenkulttuuria-jokaiselle-meta-01-2048x2048.jpg 2048w\" sizes=\"(max-width: 640px) 100vw, 640px\" \/>\t\t\t\t\t\t\t\t\t\t\t\t\t\t\t<\/div>\n\t\t\t\t<\/div>\n\t\t\t\t\t<\/div>\n\t\t\t\t<\/div>\n\t\t\t\t<\/div>\n\t\t","protected":false},"excerpt":{"rendered":"<p>Poimintoja lasten oikeuksien viikon IHMOn konserteista: tiistaina 18.11. klo 19.00 Vaskien s\u00e4ihkett\u00e4, Tapiolasali, Espoon kuttuurikeskus\u00a0 IHMOn ja EMOn yhteisen vaskihankkeen p\u00e4\u00e4t\u00f6skonsertti, vapaa p\u00e4\u00e4sy keskiviikkona 19.11. klo 9.30 ja 10.45 Lapset soittavat lapsille, Annansali Annankatu 30 It\u00e4-Helsingin musiikkiopiston oppilaat lavalla \u2013 tule mukaan nauttimaan IHMOn oppilaiden musiikin ilosta ja taitavasta musisoinnista. Konsertissa kuulet monia eri soittimia, [&hellip;]<\/p>\n","protected":false},"author":156753794,"featured_media":0,"comment_status":"closed","ping_status":"closed","sticky":false,"template":"","format":"standard","meta":{"footnotes":""},"categories":[126417,10765],"tags":[126441],"class_list":["post-18168","post","type-post","status-publish","format-standard","hentry","category-ajankohtaista","category-yleinen","tag-etusivu"],"jetpack_featured_media_url":"","_links":{"self":[{"href":"https:\/\/ihmo.fi\/ihmo\/wp-json\/wp\/v2\/posts\/18168","targetHints":{"allow":["GET"]}}],"collection":[{"href":"https:\/\/ihmo.fi\/ihmo\/wp-json\/wp\/v2\/posts"}],"about":[{"href":"https:\/\/ihmo.fi\/ihmo\/wp-json\/wp\/v2\/types\/post"}],"author":[{"embeddable":true,"href":"https:\/\/ihmo.fi\/ihmo\/wp-json\/wp\/v2\/users\/156753794"}],"replies":[{"embeddable":true,"href":"https:\/\/ihmo.fi\/ihmo\/wp-json\/wp\/v2\/comments?post=18168"}],"version-history":[{"count":24,"href":"https:\/\/ihmo.fi\/ihmo\/wp-json\/wp\/v2\/posts\/18168\/revisions"}],"predecessor-version":[{"id":18201,"href":"https:\/\/ihmo.fi\/ihmo\/wp-json\/wp\/v2\/posts\/18168\/revisions\/18201"}],"wp:attachment":[{"href":"https:\/\/ihmo.fi\/ihmo\/wp-json\/wp\/v2\/media?parent=18168"}],"wp:term":[{"taxonomy":"category","embeddable":true,"href":"https:\/\/ihmo.fi\/ihmo\/wp-json\/wp\/v2\/categories?post=18168"},{"taxonomy":"post_tag","embeddable":true,"href":"https:\/\/ihmo.fi\/ihmo\/wp-json\/wp\/v2\/tags?post=18168"}],"curies":[{"name":"wp","href":"https:\/\/api.w.org\/{rel}","templated":true}]}}